{"id":5512,"date":"2019-01-02T15:53:24","date_gmt":"2019-01-02T14:53:24","guid":{"rendered":"http:\/\/scid-challancin.fr\/?p=5512"},"modified":"2019-01-21T20:21:15","modified_gmt":"2019-01-21T19:21:15","slug":"prime","status":"publish","type":"post","link":"https:\/\/scid-challancin.fr\/index.php\/2019\/01\/02\/prime\/","title":{"rendered":"RIEN POUR LA PRIME  DEFISCALISEE 1000\u20ac!!"},"content":{"rendered":"<p><img loading=\"lazy\" decoding=\"async\" class=\"alignnone wp-image-5555 size-medium\" src=\"http:\/\/scid-challancin.fr\/wp-content\/uploads\/2019\/01\/PRIME-SCID-300x275.jpg\" alt=\"\" width=\"300\" height=\"275\" srcset=\"https:\/\/scid-challancin.fr\/wp-content\/uploads\/2019\/01\/PRIME-SCID-300x275.jpg 300w, https:\/\/scid-challancin.fr\/wp-content\/uploads\/2019\/01\/PRIME-SCID.jpg 600w\" sizes=\"(max-width: 300px) 100vw, 300px\" \/><\/p>\n<h3 class=\"p1\">&nbsp;<\/h3>\n\n\n<h2 class=\"wp-block-heading\"><\/h2>\n\n\n\n<p style=\"font-size:24px\"><strong>MAUVAISE NOUVELLE: Malgr\u00e9 nos sollicitations aupr\u00e8s de la direction de Challancin pour le versement de la prime de 1000 \u20ac, c\u2019est une fin de non recevoir qui nous a \u00e9t\u00e9 oppos\u00e9.<\/strong><\/p>\n\n\n\n<p style=\"font-size:25px\"><br>Nous syndicat SCID, d\u00e9plorons profond\u00e9ment cette d\u00e9cision qui reste pour nous incompr\u00e9hensible. Dans un contexte social \u00e9conomique d\u00e9favorable aux salari\u00e9s qui peinent de plus en plus chaque mois \u00e0 boucler leur budget, il est difficile de comprendre comment une grande soci\u00e9t\u00e9 comme celle de Challancin ne participe pas \u00e0 l\u2019effort social qu\u2019impose cette p\u00e9riode. \u00c0 quand le changement de philosophie pour une culture d\u2019entreprise plus \u00ab\u00a0solidaire\u00a0\u00bb?  \u00abCELUI QUI COMBAT PEUT PERDRE, MAIS CELUI QUI NE COMBAT PAS A D\u00c9J\u00c0 PERDU.\u00bb <strong>ALORS ON NE L\u00c2CHERA RIEN POUR AIDER LES SALARIES<\/strong><\/p>\n\n\n\n<p style=\"font-size:25px\"><strong>WE WAIT<\/strong><\/p>\n\n\n\n<p><\/p>\n\n\n\n<p><\/p>\n\n\n\n<p><\/p>\n","protected":false},"excerpt":{"rendered":"<p>&nbsp; MAUVAISE NOUVELLE: Malgr\u00e9 nos sollicitations aupr\u00e8s de la direction de Challancin pour le versement de la prime de 1000 \u20ac, c\u2019est une fin de non recevoir qui nous a \u00e9t\u00e9 oppos\u00e9. Nous syndicat SCID, [&hellip;]<\/p>\n<a href=\"https:\/\/scid-challancin.fr\/index.php\/2019\/01\/02\/prime\/\" class=\"entry-more pro-btn pro-btn-rounded pro-btn-xxs pro-btn-flat-accent\">Read More<span class=\"screen-reader-text\"> about RIEN POUR LA PRIME  DEFISCALISEE 1000\u20ac!!<\/span><\/a>","protected":false},"author":1,"featured_media":5555,"comment_status":"open","ping_status":"open","sticky":false,"template":"","format":"standard","meta":{"footnotes":""},"categories":[1],"tags":[],"class_list":["post-5512","post","type-post","status-publish","format-standard","has-post-thumbnail","hentry","category-non-classe"],"_links":{"self":[{"href":"https:\/\/scid-challancin.fr\/index.php\/wp-json\/wp\/v2\/posts\/5512"}],"collection":[{"href":"https:\/\/scid-challancin.fr\/index.php\/wp-json\/wp\/v2\/posts"}],"about":[{"href":"https:\/\/scid-challancin.fr\/index.php\/wp-json\/wp\/v2\/types\/post"}],"author":[{"embeddable":true,"href":"https:\/\/scid-challancin.fr\/index.php\/wp-json\/wp\/v2\/users\/1"}],"replies":[{"embeddable":true,"href":"https:\/\/scid-challancin.fr\/index.php\/wp-json\/wp\/v2\/comments?post=5512"}],"version-history":[{"count":19,"href":"https:\/\/scid-challancin.fr\/index.php\/wp-json\/wp\/v2\/posts\/5512\/revisions"}],"predecessor-version":[{"id":5599,"href":"https:\/\/scid-challancin.fr\/index.php\/wp-json\/wp\/v2\/posts\/5512\/revisions\/5599"}],"wp:featuredmedia":[{"embeddable":true,"href":"https:\/\/scid-challancin.fr\/index.php\/wp-json\/wp\/v2\/media\/5555"}],"wp:attachment":[{"href":"https:\/\/scid-challancin.fr\/index.php\/wp-json\/wp\/v2\/media?parent=5512"}],"wp:term":[{"taxonomy":"category","embeddable":true,"href":"https:\/\/scid-challancin.fr\/index.php\/wp-json\/wp\/v2\/categories?post=5512"},{"taxonomy":"post_tag","embeddable":true,"href":"https:\/\/scid-challancin.fr\/index.php\/wp-json\/wp\/v2\/tags?post=5512"}],"curies":[{"name":"wp","href":"https:\/\/api.w.org\/{rel}","templated":true}]}}